{"id":796,"date":"2026-08-31T06:17:28","date_gmt":"2026-08-31T06:17:28","guid":{"rendered":"https:\/\/www.miferro.es\/?p=796"},"modified":"2026-08-31T20:32:22","modified_gmt":"2026-08-31T20:32:22","slug":"y-esa-forma-de-recordar","status":"publish","type":"post","link":"https:\/\/www.miferro.es\/?p=796","title":{"rendered":"Y esa forma de recordar."},"content":{"rendered":"\n<p class=\"wp-block-paragraph\">Llevaban casi veinte a\u00f1os juntos cuando Juli\u00e1n muri\u00f3. <br>Cada tres de julio, en el cumplea\u00f1os de Marta, Juli\u00e1n aparec\u00eda con un peque\u00f1o ramo de rosas blancas y azules. Lo hac\u00eda desde que eran novios y, aunque ella siempre le preguntaba por qu\u00e9 aquellos colores, \u00e9l se limitaba a sonre\u00edr y dec\u00eda que algunos secretos ayudaban a mantener vivo el amor.<\/p>\n\n\n\n<p class=\"wp-block-paragraph\">El primer cumplea\u00f1os sin \u00e9l, Marta no quiso celebraciones. Todav\u00eda estaba aprendiendo a convivir con su ausencia y con todas aquellas cosas que permanec\u00edan en casa como si esperasen su regreso: los libros, una chaqueta detr\u00e1s de la puerta y el frasco de colonia que ella a\u00fan no hab\u00eda sido capaz de tirar.<\/p>\n\n\n\n<p class=\"wp-block-paragraph\">Aquella tarde apareci\u00f3 sobre el felpudo un ramo de rosas blancas y azules. No hab\u00eda nadie en el rellano ni una tarjeta que explicara qui\u00e9n las hab\u00eda dejado. Marta pens\u00f3 que alg\u00fan familiar habr\u00eda recordado la costumbre de Juli\u00e1n. Puso las flores en el jarr\u00f3n de siempre y decidi\u00f3 no preguntar.<\/p>\n\n\n\n<p class=\"wp-block-paragraph\">D\u00edas despu\u00e9s encontr\u00f3 un papel doblado en el buz\u00f3n. Eran unas pocas l\u00edneas sobre su sonrisa y la manera en que se recog\u00eda el pelo cuando ten\u00eda prisa. Despu\u00e9s llegaron otros, a veces con peque\u00f1os versos y otras con palabras que le resultaban extra\u00f1amente familiares. Marta sab\u00eda que no pod\u00edan proceder de Juli\u00e1n, pero hab\u00eda algo de \u00e9l en aquellos mensajes y termin\u00f3 aceptando el misterio porque, al leerlos, volv\u00eda a sentirse querida.<\/p>\n\n\n\n<p class=\"wp-block-paragraph\">Mateo ten\u00eda nueve a\u00f1os y desde la muerte de su padre se hab\u00eda interesado por las fotograf\u00edas y las antiguas tarjetas que sus padres se escrib\u00edan cuando eran novios. Una tarde, Marta lo encontr\u00f3 leyendo una de ellas y el ni\u00f1o le explic\u00f3 que solo quer\u00eda saber c\u00f3mo escrib\u00eda su padre.<\/p>\n\n\n\n<p class=\"wp-block-paragraph\">\u2014\u00bfTe quer\u00eda mucho? \u2014pregunt\u00f3.<\/p>\n\n\n\n<p class=\"wp-block-paragraph\">\u2014Much\u00edsimo.<\/p>\n\n\n\n<p class=\"wp-block-paragraph\">\u2014\u00bfY t\u00fa lo sab\u00edas?<\/p>\n\n\n\n<p class=\"wp-block-paragraph\">Marta acarici\u00f3 la vieja tarjeta antes de responder.<\/p>\n\n\n\n<p class=\"wp-block-paragraph\">\u2014A veces se me olvidaba.<\/p>\n\n\n\n<p class=\"wp-block-paragraph\">Mateo guard\u00f3 silencio y continu\u00f3 leyendo.<\/p>\n\n\n\n<p class=\"wp-block-paragraph\">Con el paso de los meses empez\u00f3 a preguntar c\u00f3mo se escrib\u00edan palabras como \u201csiempre\u201d o \u201csonrisa\u201d.<\/p>\n\n\n\n<p class=\"wp-block-paragraph\">Cuando volvi\u00f3 a llegar el tres de julio, encontr\u00f3 de nuevo las rosas blancas y azules sobre el felpudo y, entre ellas, un peque\u00f1o sobre.<\/p>\n\n\n\n<p class=\"wp-block-paragraph\">Marta llor\u00f3 mientras lo le\u00eda.<\/p>\n\n\n\n<p class=\"wp-block-paragraph\">\u2014\u00bfEst\u00e1s triste? \u2014pregunt\u00f3 Mateo al verla.<\/p>\n\n\n\n<p class=\"wp-block-paragraph\">Ella lo abraz\u00f3 y neg\u00f3 con la cabeza.<\/p>\n\n\n\n<p class=\"wp-block-paragraph\">\u2014Hoy no.<\/p>\n\n\n\n<p class=\"wp-block-paragraph\">Aquella noche, al entrar en la habitaci\u00f3n de su hijo para cerrar la ventana, Marta tropez\u00f3 con una caja de lata. Al cogerla descubri\u00f3 que apenas quedaban unas monedas, debajo de ellas estaban las antiguas tarjetas de Juli\u00e1n junto a varios papeles llenos de tachones.<\/p>\n\n\n\n<p class=\"wp-block-paragraph\">En uno reconoci\u00f3 algunas de las palabras que llevaba meses encontrando en el buz\u00f3n. En otro hab\u00eda sumas y restas hechas con la letra irregular de Mateo. Cuando estaba a punto de cerrar la caja descubri\u00f3, atrapado entre dos papeles, un peque\u00f1o p\u00e9talo azul.<\/p>\n\n\n\n<p class=\"wp-block-paragraph\">Marta mir\u00f3 a su hijo, que dorm\u00eda ajeno a todo, y comprendi\u00f3 por fin de d\u00f3nde hab\u00edan salido aquellas palabras que tanto se parec\u00edan a las de Juli\u00e1n sin llegar a ser nunca las suyas.<\/p>\n\n\n\n<p class=\"wp-block-paragraph\">Cerr\u00f3 la caja sin tocar nada, se acerc\u00f3 a la cama y bes\u00f3 a Mateo en la frente.<\/p>\n\n\n\n<p class=\"wp-block-paragraph\">\u2014Gracias \u2014susurr\u00f3.<\/p>\n\n\n\n<p class=\"wp-block-paragraph\">Despu\u00e9s regres\u00f3 al sal\u00f3n y contempl\u00f3 las rosas blancas y azules en el jarr\u00f3n de siempre. Por primera vez entendi\u00f3 que Juli\u00e1n no hab\u00eda dejado de regalarle flores nunca.<\/p>\n","protected":false},"excerpt":{"rendered":"<p>Llevaban casi veinte a\u00f1os juntos cuando Juli\u00e1n muri\u00f3. Cada tres de julio, en el cumplea\u00f1os de Marta, Juli\u00e1n aparec\u00eda con un peque\u00f1o ramo de rosas blancas y azules. Lo hac\u00eda desde que eran novios y, aunque ella siempre le preguntaba por qu\u00e9 aquellos colores, \u00e9l se limitaba a sonre\u00edr y dec\u00eda que algunos secretos ayudaban [&hellip;]<\/p>\n","protected":false},"author":1,"featured_media":0,"comment_status":"open","ping_status":"open","sticky":false,"template":"","format":"standard","meta":{"footnotes":""},"categories":[17],"tags":[],"class_list":["post-796","post","type-post","status-publish","format-standard","hentry","category-de-canciones"],"_links":{"self":[{"href":"https:\/\/www.miferro.es\/index.php?rest_route=\/wp\/v2\/posts\/796","targetHints":{"allow":["GET"]}}],"collection":[{"href":"https:\/\/www.miferro.es\/index.php?rest_route=\/wp\/v2\/posts"}],"about":[{"href":"https:\/\/www.miferro.es\/index.php?rest_route=\/wp\/v2\/types\/post"}],"author":[{"embeddable":true,"href":"https:\/\/www.miferro.es\/index.php?rest_route=\/wp\/v2\/users\/1"}],"replies":[{"embeddable":true,"href":"https:\/\/www.miferro.es\/index.php?rest_route=%2Fwp%2Fv2%2Fcomments&post=796"}],"version-history":[{"count":4,"href":"https:\/\/www.miferro.es\/index.php?rest_route=\/wp\/v2\/posts\/796\/revisions"}],"predecessor-version":[{"id":801,"href":"https:\/\/www.miferro.es\/index.php?rest_route=\/wp\/v2\/posts\/796\/revisions\/801"}],"wp:attachment":[{"href":"https:\/\/www.miferro.es\/index.php?rest_route=%2Fwp%2Fv2%2Fmedia&parent=796"}],"wp:term":[{"taxonomy":"category","embeddable":true,"href":"https:\/\/www.miferro.es\/index.php?rest_route=%2Fwp%2Fv2%2Fcategories&post=796"},{"taxonomy":"post_tag","embeddable":true,"href":"https:\/\/www.miferro.es\/index.php?rest_route=%2Fwp%2Fv2%2Ftags&post=796"}],"curies":[{"name":"wp","href":"https:\/\/api.w.org\/{rel}","templated":true}]}}